{"id":977,"date":"2020-10-14T20:19:47","date_gmt":"2020-10-14T20:19:47","guid":{"rendered":"http:\/\/blog.loestije-donswieler.de\/?p=977"},"modified":"2021-03-15T16:15:50","modified_gmt":"2021-03-15T16:15:50","slug":"session-2020-2021","status":"publish","type":"post","link":"http:\/\/blog.loestije-donswieler.de\/?p=977","title":{"rendered":"Session 2020\/2021"},"content":{"rendered":"\n<p>Liebe Karnevalsfreunde,&nbsp;<br>liebe Mitglieder,<\/p>\n\n\n\n<p>Karneval feiern, wie wir es gewohnt sind, f\u00e4llt leider in der kommenden Session 2020\/2021 aus. Die geplante Sessionser\u00f6ffnung am 14. November 2020 wird nicht stattfinden k\u00f6nnen. Nach der Entscheidung des Landes NRW und unter den bestehenden Hygienevorschriften, k\u00f6nnen wir die Karnevalssitzungen in der kommenden Session nicht durchf\u00fchren. Das hei\u00dft, dass leider die Kost\u00fcmsitzung am 9. Januar 2021 und die Kindersitzung am 10. Januar 2021&nbsp;m\u00fcssen wir schweren Herzens leider ausfallen lassen.&nbsp;<\/p>\n\n\n\n<p>F\u00fcr uns Karnevalsjecke wird es eine traurige Zeit werden.<\/p>\n\n\n\n<div class=\"wp-block-image\"><figure class=\"aligncenter\"><img decoding=\"async\" src=\"http:\/\/blog.loestije-donswieler.de\/wp-content\/uploads\/2020\/10\/KG-PIN_2020-2021.jpeg\" alt=\"\" class=\"wp-image-981\"\/><\/figure><\/div>\n\n\n\n<p>Trotzdem wollen wir, dargestellt mit dem obigen Pin, Plagge zeige f\u00f6r de L\u00f6stije Donswieler.<\/p>\n\n\n\n<p>Wer uns unterst\u00fctzen m\u00f6chte, kann diesen Pin f\u00fcr 5,- \u20ac bei allen Vorstandsmitgliedern erwerben.&nbsp;<\/p>\n\n\n\n<p>Auf der Jahreshauptversammlung im September diesen Jahres haben wir bereits das Motto f\u00fcr die kommende Session bekannt gegeben. Dieses lautet:<\/p>\n\n\n\n<p style=\"font-size:20px;text-align:center\" class=\"has-background has-light-gray-background-color\"><strong>Nit lamentiere<\/strong><br><strong>de L\u00f6stije wolle fiere<\/strong><\/p>\n\n\n\n<p>Die KG wird zu diesem Motto wieder einen Orden in begrenzter St\u00fcckzahl anfertigen lassen.<\/p>\n\n\n\n<p>Wir hoffen, dass trotz der schwierigen Zeit, der Karneval in eurem Herzen bleibt und die Verbundenheit zur KG L\u00f6stije Donswieler.&nbsp;<\/p>\n\n\n\n<p>Bitte bleibt gesund.<\/p>\n\n\n\n<p>Der Vorstand der KG L\u00f6stije Donswieler&nbsp;<\/p>\n","protected":false},"excerpt":{"rendered":"<p>Liebe Karnevalsfreunde,&nbsp;liebe Mitglieder, Karneval feiern, wie wir es gewohnt sind, f\u00e4llt leider in der kommenden Session 2020\/2021 aus. Die geplante Sessionser\u00f6ffnung am 14. November 2020 wird nicht stattfinden k\u00f6nnen. Nach der Entscheidung des Landes NRW und unter den bestehenden Hygienevorschriften, <a class=\"more-link\" href=\"http:\/\/blog.loestije-donswieler.de\/?p=977\"><span class=\"screen-reader-text\">  Session 2020\/2021<\/span> weiterlesen<span class=\"meta-nav\">&rarr;<\/span><\/a><\/p>\n","protected":false},"author":1,"featured_media":0,"comment_status":"closed","ping_status":"closed","sticky":false,"template":"","format":"standard","meta":{"_jetpack_memberships_contains_paid_content":false,"footnotes":""},"categories":[1],"tags":[],"jetpack_sharing_enabled":true,"jetpack_featured_media_url":"","_links":{"self":[{"href":"http:\/\/blog.loestije-donswieler.de\/index.php?rest_route=\/wp\/v2\/posts\/977"}],"collection":[{"href":"http:\/\/blog.loestije-donswieler.de\/index.php?rest_route=\/wp\/v2\/posts"}],"about":[{"href":"http:\/\/blog.loestije-donswieler.de\/index.php?rest_route=\/wp\/v2\/types\/post"}],"author":[{"embeddable":true,"href":"http:\/\/blog.loestije-donswieler.de\/index.php?rest_route=\/wp\/v2\/users\/1"}],"replies":[{"embeddable":true,"href":"http:\/\/blog.loestije-donswieler.de\/index.php?rest_route=%2Fwp%2Fv2%2Fcomments&post=977"}],"version-history":[{"count":5,"href":"http:\/\/blog.loestije-donswieler.de\/index.php?rest_route=\/wp\/v2\/posts\/977\/revisions"}],"predecessor-version":[{"id":983,"href":"http:\/\/blog.loestije-donswieler.de\/index.php?rest_route=\/wp\/v2\/posts\/977\/revisions\/983"}],"wp:attachment":[{"href":"http:\/\/blog.loestije-donswieler.de\/index.php?rest_route=%2Fwp%2Fv2%2Fmedia&parent=977"}],"wp:term":[{"taxonomy":"category","embeddable":true,"href":"http:\/\/blog.loestije-donswieler.de\/index.php?rest_route=%2Fwp%2Fv2%2Fcategories&post=977"},{"taxonomy":"post_tag","embeddable":true,"href":"http:\/\/blog.loestije-donswieler.de\/index.php?rest_route=%2Fwp%2Fv2%2Ftags&post=977"}],"curies":[{"name":"wp","href":"https:\/\/api.w.org\/{rel}","templated":true}]}}