{"id":609,"date":"2017-05-12T13:20:15","date_gmt":"2017-05-12T13:20:15","guid":{"rendered":"http:\/\/blog.loestije-donswieler.de\/?p=609"},"modified":"2021-03-15T16:15:51","modified_gmt":"2021-03-15T16:15:51","slug":"33-jahre-jubilaeum-und-dreigestirn","status":"publish","type":"post","link":"http:\/\/blog.loestije-donswieler.de\/?p=609","title":{"rendered":"33 Jahre Jubil\u00e4um und Dreigestirn"},"content":{"rendered":"<p style=\"text-align: left;\">Die KG L\u00f6stije Donswieler von 1984 e.V. feiert am 30.10.2017 ihr 33 j\u00e4hriges Bestehen und stellt in der kommenden Session endlich\u00a0wieder ein Dreigestirn. Am 1. Mai wurde das Dreigestirn erstmals der Dansweiler Bev\u00f6lkerung vorgestellt. <img loading=\"lazy\" decoding=\"async\" class=\"size-medium wp-image-618 aligncenter\" src=\"http:\/\/blog.loestije-donswieler.de\/wp-content\/uploads\/2017\/05\/IMG_2019-300x200.jpg\" alt=\"IMG_2019\" width=\"300\" height=\"200\" srcset=\"http:\/\/blog.loestije-donswieler.de\/wp-content\/uploads\/2017\/05\/IMG_2019-300x200.jpg 300w, http:\/\/blog.loestije-donswieler.de\/wp-content\/uploads\/2017\/05\/IMG_2019-768x512.jpg 768w, http:\/\/blog.loestije-donswieler.de\/wp-content\/uploads\/2017\/05\/IMG_2019-1024x683.jpg 1024w\" sizes=\"(max-width: 300px) 100vw, 300px\" \/>Jungfrau Raphaela (Ralph B\u00f6merich), Prinz Manfred I (Manfred Bulik), Bauer Frank (Frank Flohr) von links nach rechts<\/p>\n<p style=\"text-align: left;\">Mit einem bunten Programm startete die KG, gemeinsam mit der Dansweiler Ortsgemeinschaft e.V., in die kommende Session. Leider meinte es der Wettergott nicht gut mit den Veranstaltern. &#8220;Et h\u00e4t jer\u00e4nt wie jeck&#8221;.<\/p>\n<p>Trotz des schlechten Wetters feierte man ausgelassen mit Jung und Alt auf dem Schulhof der Wolfhelmschule. Musikalisch war f\u00fcr jeden etwas dabei. Die Dansweiler Kinderband &#8221; Watt auf`s Ohr&#8221; begeisterte mit K\u00f6lsch und Rock das Publikum. Die drei Bandmitglieder waren erst 7, 8 und 9 Jahre alt. Johannes Weymann mit Gitarre und Gesang und die Rasberry Sherbet Band aus Bonn, sorgten f\u00fcr ein stimmungsvolles\u00a0Fr\u00fchlingsfest. Besonders die Rockband aus Bonn litt unter dem am Nachmittag wieder aufkommenden Regen. Trotz Zelt\u00fcberdachung tropfte es bis in die Instrumente. Sie mischten jedoch das Publikum nochmals richtig auf. Das Kaspertheater &#8220;SternKundt&#8221; aus K\u00f6ln, gesponsert von der Dansweiler Ortsgemeinschaft, begeisterte in der Mehrzweckhalle die P\u00e4nz. Die vom designierten Dreigestirn organsierte Tombola war ein voller Erfolg. Alle Lose wurden verkauft und attraktive Preise konnten an die Besucher \u00fcberreicht werden.\u00a0Ein besonderer Dank geht an die Vereine, die tatkr\u00e4ftig die &#8220;L\u00f6stije&#8221; bei der Veranstaltung unterst\u00fctzt haben. Allen voran der Tambourcorps Edelwei\u00df, der mit einer gro\u00dfen Mannschaft den ganzen Tag am Grillstand aushalf und die Damen der s\u00fc\u00dfen Sahneschnittchen, die in der Cafeteria aushalfen. Die gute Zusammenarbeit mit der DOG und den Vereinen ist schon ein tolles Miteinander.<\/p>\n<p style=\"text-align: left;\">Wir sind Dreigestirn!!!!!!<\/p>\n<p style=\"text-align: left;\">Das designierte Dreigestirn begeisterte am 1. Mai 2017 das Publikum bei Ihrem ersten \u00f6ffentlichen Auftritt. Zusammen mit den Paginnen, Jan Lugt, Larissa Keller und Sandra Bressin,\u00a0tanzten sie sich schwungvoll in die kommende Session. Ein toller Tanz, der Lust auf mehr macht.\u00a0Angef\u00fchrt wird das designierte Dreigestirn von ihrem Prinzenf\u00fchrer Walter Lugt. Die KG ist stolz auf sein kommendes Dreigestirn und freut sich auf die kommende Session.<\/p>\n<p><img loading=\"lazy\" decoding=\"async\" class=\"wp-image-612 aligncenter\" src=\"http:\/\/blog.loestije-donswieler.de\/wp-content\/uploads\/2017\/05\/IMG_2151-300x200.jpg\" alt=\"IMG_2151\" width=\"290\" height=\"197\" \/><img loading=\"lazy\" decoding=\"async\" class=\"wp-image-614 aligncenter\" src=\"http:\/\/blog.loestije-donswieler.de\/wp-content\/uploads\/2017\/05\/IMG_2141-300x200.jpg\" alt=\"IMG_2141\" width=\"289\" height=\"197\" \/><\/p>\n<p style=\"text-align: left;\">Der designierte Prinz Manfred I (Manfred Bulik) ist auch K\u00f6nig von Dansweiler. Am Vorabend, beim Tanz in den Mai, wurde er feierlich gew\u00e4hlt. An seiner Seite, Maik\u00f6nigin 2017, Ursula Engels vom Tambourscorps Edelweiss.<\/p>\n<p><img loading=\"lazy\" decoding=\"async\" class=\"size-medium wp-image-617 aligncenter\" src=\"http:\/\/blog.loestije-donswieler.de\/wp-content\/uploads\/2017\/05\/IMG_2112-300x200.jpg\" alt=\"IMG_2112\" width=\"300\" height=\"200\" srcset=\"http:\/\/blog.loestije-donswieler.de\/wp-content\/uploads\/2017\/05\/IMG_2112-300x200.jpg 300w, http:\/\/blog.loestije-donswieler.de\/wp-content\/uploads\/2017\/05\/IMG_2112-768x512.jpg 768w, http:\/\/blog.loestije-donswieler.de\/wp-content\/uploads\/2017\/05\/IMG_2112-1024x683.jpg 1024w\" sizes=\"(max-width: 300px) 100vw, 300px\" \/><\/p>\n<p style=\"text-align: left;\">So langsam geht\u00a0es los. Auf in die Jubil\u00e4umssession 2017\/2018. <strong><span style=\"color: #ff0000;\">Wir feiern 33 Jahre KG L\u00f6stije!!!!<\/span><\/strong><span style=\"color: #000000;\">\u00a0Die Proklamation des Dreigestirns findet am 18.11.2017 in der Mehrzweckhalle Dansweiler statt. Der Karten Vorverkauf hat bereits begonnen.\u00a0<\/span><\/p>\n","protected":false},"excerpt":{"rendered":"<p>Die KG L\u00f6stije Donswieler von 1984 e.V. feiert am 30.10.2017 ihr 33 j\u00e4hriges Bestehen und stellt in der kommenden Session endlich\u00a0wieder ein Dreigestirn. Am 1. Mai wurde das Dreigestirn erstmals der Dansweiler Bev\u00f6lkerung vorgestellt. Jungfrau Raphaela (Ralph B\u00f6merich), Prinz Manfred <a class=\"more-link\" href=\"http:\/\/blog.loestije-donswieler.de\/?p=609\"><span class=\"screen-reader-text\">  33 Jahre Jubil\u00e4um und Dreigestirn<\/span> weiterlesen<span class=\"meta-nav\">&rarr;<\/span><\/a><\/p>\n","protected":false},"author":2,"featured_media":0,"comment_status":"closed","ping_status":"closed","sticky":false,"template":"","format":"standard","meta":{"_jetpack_memberships_contains_paid_content":false,"footnotes":""},"categories":[1],"tags":[],"jetpack_sharing_enabled":true,"jetpack_featured_media_url":"","_links":{"self":[{"href":"http:\/\/blog.loestije-donswieler.de\/index.php?rest_route=\/wp\/v2\/posts\/609"}],"collection":[{"href":"http:\/\/blog.loestije-donswieler.de\/index.php?rest_route=\/wp\/v2\/posts"}],"about":[{"href":"http:\/\/blog.loestije-donswieler.de\/index.php?rest_route=\/wp\/v2\/types\/post"}],"author":[{"embeddable":true,"href":"http:\/\/blog.loestije-donswieler.de\/index.php?rest_route=\/wp\/v2\/users\/2"}],"replies":[{"embeddable":true,"href":"http:\/\/blog.loestije-donswieler.de\/index.php?rest_route=%2Fwp%2Fv2%2Fcomments&post=609"}],"version-history":[{"count":14,"href":"http:\/\/blog.loestije-donswieler.de\/index.php?rest_route=\/wp\/v2\/posts\/609\/revisions"}],"predecessor-version":[{"id":758,"href":"http:\/\/blog.loestije-donswieler.de\/index.php?rest_route=\/wp\/v2\/posts\/609\/revisions\/758"}],"wp:attachment":[{"href":"http:\/\/blog.loestije-donswieler.de\/index.php?rest_route=%2Fwp%2Fv2%2Fmedia&parent=609"}],"wp:term":[{"taxonomy":"category","embeddable":true,"href":"http:\/\/blog.loestije-donswieler.de\/index.php?rest_route=%2Fwp%2Fv2%2Fcategories&post=609"},{"taxonomy":"post_tag","embeddable":true,"href":"http:\/\/blog.loestije-donswieler.de\/index.php?rest_route=%2Fwp%2Fv2%2Ftags&post=609"}],"curies":[{"name":"wp","href":"https:\/\/api.w.org\/{rel}","templated":true}]}}