{"id":5,"date":"2016-02-12T07:44:52","date_gmt":"2016-02-12T07:44:52","guid":{"rendered":"http:\/\/blog.loestije-donswieler.de\/?p=5"},"modified":"2021-03-15T16:15:51","modified_gmt":"2021-03-15T16:15:51","slug":"test","status":"publish","type":"post","link":"http:\/\/blog.loestije-donswieler.de\/?p=5","title":{"rendered":"Weiberfastnacht auf dem Lindenplatz"},"content":{"rendered":"<p class=\"Normal P-3\"><span class=\"C-6\">Der liebe Gott muss ne Donswieler sin. Bereits zum 2. mal zogen wir mit den Kindern und Erwachsenen des Kindergarten Fliegenpilz und der Wolfhelmschule, musikalisch begleitet vom Tambourcorps Edelwei\u00df, auf den Lindenplatz. Die enorme Beteiligung von Kindergarten und Schule sowie der Dansweiler Bev\u00f6lkerung war bemerkenswert und auf dem Lindenplatz entstand schnell ein buntes Bild und reges Treiben. Die Auff\u00fchrung des Kindergartens Fliegenpilz und das live singenden Glessener Dreigestirns sorgte zus\u00e4tzlich f\u00fcr eine gute Stimmung. Die Dansweiler k\u00f6nnen herrlich feiern.<\/span><\/p>\n","protected":false},"excerpt":{"rendered":"<p>Der liebe Gott muss ne Donswieler sin. Bereits zum 2. mal zogen wir mit den Kindern und Erwachsenen des Kindergarten Fliegenpilz und der Wolfhelmschule, musikalisch begleitet vom Tambourcorps Edelwei\u00df, auf den Lindenplatz. Die enorme Beteiligung von Kindergarten und Schule sowie <a class=\"more-link\" href=\"http:\/\/blog.loestije-donswieler.de\/?p=5\"><span class=\"screen-reader-text\">  Weiberfastnacht auf dem Lindenplatz<\/span> weiterlesen<span class=\"meta-nav\">&rarr;<\/span><\/a><\/p>\n","protected":false},"author":1,"featured_media":0,"comment_status":"closed","ping_status":"closed","sticky":false,"template":"","format":"standard","meta":{"_jetpack_memberships_contains_paid_content":false,"footnotes":""},"categories":[1],"tags":[],"jetpack_sharing_enabled":true,"jetpack_featured_media_url":"","_links":{"self":[{"href":"http:\/\/blog.loestije-donswieler.de\/index.php?rest_route=\/wp\/v2\/posts\/5"}],"collection":[{"href":"http:\/\/blog.loestije-donswieler.de\/index.php?rest_route=\/wp\/v2\/posts"}],"about":[{"href":"http:\/\/blog.loestije-donswieler.de\/index.php?rest_route=\/wp\/v2\/types\/post"}],"author":[{"embeddable":true,"href":"http:\/\/blog.loestije-donswieler.de\/index.php?rest_route=\/wp\/v2\/users\/1"}],"replies":[{"embeddable":true,"href":"http:\/\/blog.loestije-donswieler.de\/index.php?rest_route=%2Fwp%2Fv2%2Fcomments&post=5"}],"version-history":[{"count":2,"href":"http:\/\/blog.loestije-donswieler.de\/index.php?rest_route=\/wp\/v2\/posts\/5\/revisions"}],"predecessor-version":[{"id":166,"href":"http:\/\/blog.loestije-donswieler.de\/index.php?rest_route=\/wp\/v2\/posts\/5\/revisions\/166"}],"wp:attachment":[{"href":"http:\/\/blog.loestije-donswieler.de\/index.php?rest_route=%2Fwp%2Fv2%2Fmedia&parent=5"}],"wp:term":[{"taxonomy":"category","embeddable":true,"href":"http:\/\/blog.loestije-donswieler.de\/index.php?rest_route=%2Fwp%2Fv2%2Fcategories&post=5"},{"taxonomy":"post_tag","embeddable":true,"href":"http:\/\/blog.loestije-donswieler.de\/index.php?rest_route=%2Fwp%2Fv2%2Ftags&post=5"}],"curies":[{"name":"wp","href":"https:\/\/api.w.org\/{rel}","templated":true}]}}