{"id":1172,"date":"2024-06-13T09:06:26","date_gmt":"2024-06-13T09:06:26","guid":{"rendered":"http:\/\/blog.loestije-donswieler.de\/?p=1172"},"modified":"2024-06-14T12:49:51","modified_gmt":"2024-06-14T10:49:51","slug":"zeit-dass-sich-was-dreht","status":"publish","type":"post","link":"http:\/\/blog.loestije-donswieler.de\/?p=1172","title":{"rendered":"Zeit, dass sich was dreht&#8230;"},"content":{"rendered":"\n<p>\u2026 lautet nicht nur das Motto der bevorstehenden Fussball-Europameisterschaft im eigenen Land, sondern auch in unserer Karnevalsgesellschaft dreht sich aktuell einiges!<br><\/p>\n\n\n\n<p>Wie bereits im letzten Jahr angek\u00fcndigt, hat sich ein Gro\u00dfteil des Vorstandes nicht wieder zu den Neuwahlen aufstellen lassen. Dies hatte zufolge, dass die Suche nach potenziellen Nachfolgern in den letzten Monaten im Fokus der Vorstandsarbeit lag. <br><\/p>\n\n\n\n<p>Am 25.04.2024, der Tag unserer diesj\u00e4hrigen Jahreshauptversammlung, wurde es also spannend. Bis auf einen neuen Gesch\u00e4ftsf\u00fchrer konnten wir alle Posten des Vorstandes (neu) besetzten. Unser langj\u00e4hriger Pr\u00e4sident Bernd Engels hat sich dazu bereit erkl\u00e4rt den Posten weiterhin auszuf\u00fcllen, um den Umbruch im Verein als erfahrenes Mitglied weiter voranzutreiben.<br><\/p>\n\n\n\n<p>Die Mitglieder des Vereins haben somit die folgenden Vorstandsmitglieder gew\u00e4hlt:<\/p>\n\n\n\n<p><strong>Pr\u00e4sident&nbsp;&nbsp;&nbsp;&nbsp;&nbsp;&nbsp;&nbsp;&nbsp;&nbsp;&nbsp;&nbsp;&nbsp;&nbsp;&nbsp;&nbsp;&nbsp;&nbsp;&nbsp;&nbsp;&nbsp;&nbsp;&nbsp;&nbsp;Bernd Engels<\/strong><\/p>\n\n\n\n<p><strong>Gesch\u00e4ftsf\u00fchrer&nbsp;&nbsp;&nbsp;&nbsp;&nbsp;&nbsp;&nbsp;&nbsp;&nbsp;&nbsp;&nbsp;&#8211;<\/strong><\/p>\n\n\n\n<p><strong>Schriftf\u00fchrerin&nbsp;&nbsp;&nbsp;&nbsp;&nbsp;&nbsp;&nbsp;&nbsp;&nbsp;&nbsp;&nbsp;&nbsp;&nbsp;&nbsp;Natalie Schubert<\/strong><\/p>\n\n\n\n<p><strong>Schatzmeister&nbsp;&nbsp;&nbsp;&nbsp;&nbsp;&nbsp;&nbsp;&nbsp;&nbsp;&nbsp;&nbsp;&nbsp;&nbsp;&nbsp;Dirk Zimmermann<\/strong><\/p>\n\n\n\n<p><\/p>\n\n\n\n<p>Der erweiterte Vorstand wurde wie folgt gew\u00e4hlt:<\/p>\n\n\n\n<p><strong>Literat&nbsp;&nbsp;&nbsp;&nbsp;&nbsp;&nbsp;&nbsp;&nbsp;&nbsp;&nbsp;&nbsp;&nbsp;&nbsp;&nbsp;&nbsp;&nbsp;&nbsp; &nbsp;&nbsp;&nbsp;&nbsp;&nbsp;&nbsp;&nbsp;&nbsp;&nbsp;&nbsp;Markus Schubert<\/strong><\/p>\n\n\n\n<p><strong>Techn. Leiter&nbsp;&nbsp;&nbsp;&nbsp;&nbsp;&nbsp;&nbsp;&nbsp;&nbsp;&nbsp;&nbsp;&nbsp;&nbsp;&nbsp;&nbsp;&nbsp;&nbsp;Frank Br\u00f6se<\/strong><\/p>\n\n\n\n<p><strong>Zeugwart&nbsp;&nbsp;&nbsp;&nbsp;&nbsp;&nbsp;&nbsp;&nbsp;&nbsp;&nbsp;&nbsp;&nbsp;&nbsp;&nbsp;&nbsp;&nbsp;&nbsp;&nbsp;&nbsp;&nbsp;&nbsp;&nbsp;&nbsp;Frank Flohr<\/strong><\/p>\n\n\n\n<p><strong>Pressesprecher&nbsp;&nbsp;&nbsp;&nbsp;&nbsp;&nbsp;&nbsp;&nbsp;&nbsp;&nbsp;&nbsp;&nbsp;Achim Jakumeit<\/strong><\/p>\n\n\n\n<p><strong>Internet&nbsp;&nbsp;&nbsp;&nbsp;&nbsp;&nbsp;&nbsp;&nbsp;&nbsp;&nbsp;&nbsp;&nbsp;&nbsp;&nbsp;&nbsp;&nbsp;&nbsp;&nbsp;&nbsp;&nbsp;&nbsp;&nbsp;&nbsp;&nbsp;&nbsp;Marcel Burtscheidt<\/strong><\/p>\n\n\n\n<p><strong>Werbung &nbsp;&nbsp;&nbsp;&nbsp;&nbsp;&nbsp;&nbsp;&nbsp;&nbsp;&nbsp;&nbsp;&nbsp;&nbsp;&nbsp;&nbsp;&nbsp;&nbsp;&nbsp;&nbsp;&nbsp;&nbsp; Bernd Engels<\/strong><\/p>\n\n\n\n<p><\/p>\n\n\n\n<p>\u00dcber die vakante Stelle des Gesch\u00e4ftsf\u00fchrers soll in den n\u00e4chsten Monaten Klarheit herrschen. In einer au\u00dferordentlichen Mitgliederversammlung im November soll dieser Posten endg\u00fcltig neu besetzt werden. Bis dahin bleibt die Position unbesetzt.<\/p>\n\n\n\n<p>Wir m\u00f6chten uns an dieser Stelle bei den ausscheidenden Vorstandsmitgliedern Claudia Engels, Beate Flohr und Frank Br\u00f6se f\u00fcr erfolgreiche 12 Jahre Vorstandsarbeit bedanken. Des Weiteren verabschieden wir unser langj\u00e4hriges Literatenpaar Christine und Achim Jakumeit und bedanken uns f\u00fcr die erfolgreiche und engagierte Zusammenarbeit. Unser neuer Literat Markus Schubert hat seine Arbeit bereits aufgenommen und steckt aktuell in den Planungen f\u00fcr die n\u00e4chsten Sitzungen.<\/p>\n\n\n\n<p>Dem neuen Vorstand w\u00fcnschen wir ab sofort viel Erfolg bei seiner Arbeit!<\/p>\n\n\n\n<p><\/p>\n","protected":false},"excerpt":{"rendered":"<p>\u2026 lautet nicht nur das Motto der bevorstehenden Fussball-Europameisterschaft im eigenen Land, sondern auch in unserer Karnevalsgesellschaft dreht sich aktuell einiges! Wie bereits im letzten Jahr angek\u00fcndigt, hat sich ein Gro\u00dfteil des Vorstandes nicht wieder zu den Neuwahlen aufstellen lassen. <a class=\"more-link\" href=\"http:\/\/blog.loestije-donswieler.de\/?p=1172\"><span class=\"screen-reader-text\">  Zeit, dass sich was dreht&#8230;<\/span> weiterlesen<span class=\"meta-nav\">&rarr;<\/span><\/a><\/p>\n","protected":false},"author":1,"featured_media":0,"comment_status":"closed","ping_status":"open","sticky":false,"template":"","format":"standard","meta":{"_jetpack_memberships_contains_paid_content":false,"footnotes":""},"categories":[1],"tags":[],"jetpack_sharing_enabled":true,"jetpack_featured_media_url":"","_links":{"self":[{"href":"http:\/\/blog.loestije-donswieler.de\/index.php?rest_route=\/wp\/v2\/posts\/1172"}],"collection":[{"href":"http:\/\/blog.loestije-donswieler.de\/index.php?rest_route=\/wp\/v2\/posts"}],"about":[{"href":"http:\/\/blog.loestije-donswieler.de\/index.php?rest_route=\/wp\/v2\/types\/post"}],"author":[{"embeddable":true,"href":"http:\/\/blog.loestije-donswieler.de\/index.php?rest_route=\/wp\/v2\/users\/1"}],"replies":[{"embeddable":true,"href":"http:\/\/blog.loestije-donswieler.de\/index.php?rest_route=%2Fwp%2Fv2%2Fcomments&post=1172"}],"version-history":[{"count":11,"href":"http:\/\/blog.loestije-donswieler.de\/index.php?rest_route=\/wp\/v2\/posts\/1172\/revisions"}],"predecessor-version":[{"id":1198,"href":"http:\/\/blog.loestije-donswieler.de\/index.php?rest_route=\/wp\/v2\/posts\/1172\/revisions\/1198"}],"wp:attachment":[{"href":"http:\/\/blog.loestije-donswieler.de\/index.php?rest_route=%2Fwp%2Fv2%2Fmedia&parent=1172"}],"wp:term":[{"taxonomy":"category","embeddable":true,"href":"http:\/\/blog.loestije-donswieler.de\/index.php?rest_route=%2Fwp%2Fv2%2Fcategories&post=1172"},{"taxonomy":"post_tag","embeddable":true,"href":"http:\/\/blog.loestije-donswieler.de\/index.php?rest_route=%2Fwp%2Fv2%2Ftags&post=1172"}],"curies":[{"name":"wp","href":"https:\/\/api.w.org\/{rel}","templated":true}]}}