{"id":1134,"date":"2023-01-16T21:07:18","date_gmt":"2023-01-16T21:07:18","guid":{"rendered":"http:\/\/blog.loestije-donswieler.de\/?p=1134"},"modified":"2023-01-16T21:07:22","modified_gmt":"2023-01-16T21:07:22","slug":"lang-jenooch-jewaad-maat-uech-foer-fastelovend-parat","status":"publish","type":"post","link":"http:\/\/blog.loestije-donswieler.de\/?p=1134","title":{"rendered":"Lang jenooch jewaad, maat \u00fcch f\u00f6r Fastelovend parat"},"content":{"rendered":"\n<p class=\"has-large-font-size\">Endlich wieder Karneval\u2026<\/p>\n\n\n\n<p>Mit unserem Motto \u201eLang jenooch jewaad, maat \u00fcch f\u00f6r Fastelovend parat\u201c sind wir ja erfolgreich in die Session gestartet.<\/p>\n\n\n\n<p>Am letzten Wochenende hatten wir unsere tolle Kost\u00fcmsitzung und Kindersitzung im toll geschm\u00fcckten Dansweiler G\u00fcrzenich. Beide Sitzungen waren ausverkauft und es war eine tolle Stimmung. Man hat deutlich gemerkt, dass die Leute wieder endlich feiern wollen. Bilder von der Kost\u00fcmsitzung findet Ihr unter folgendem Link:<br><a href=\"https:\/\/nc.der-steh.de\/index.php\/s\/MQS92dxdd2Zr4MB\" target=\"_blank\" rel=\"noreferrer noopener\">Bilder-Kost\u00fcmsitzung<\/a><\/p>\n\n\n\n<p>Bereits jetzt wollen wir alle Karnevalsfreunde auf unseren n\u00e4chsten Event hinweisen.<\/p>\n\n\n\n<p><strong>Er\u00f6ffnung Stra\u00dfenkarneval auf dem Lindenplatz:<br>Weiberfastnacht, Donnerstag den 16.2.2023 auf dem Lindenplatz in Dansweiler, Beginn 11.11 Uhr<\/strong><\/p>\n\n\n\n<p>Gemeinsam mit den&nbsp;Tambourscorps&nbsp;Edelwei\u00df, Kinder und Erwachsene aus der Schule und Kindergarten ziehen wir auf den Lindenplatz. Kommt alle vorbei und feiert mit uns auf dem Lindenplatz.<\/p>\n\n\n\n<p>Dreimol Donswieler Alaaf<\/p>\n\n\n\n<figure class=\"wp-block-image size-large\"><img loading=\"lazy\" decoding=\"async\" width=\"1024\" height=\"683\" src=\"http:\/\/blog.loestije-donswieler.de\/wp-content\/uploads\/2023\/01\/KG_2023-60-1024x683.jpg\" alt=\"\" class=\"wp-image-1143\" srcset=\"http:\/\/blog.loestije-donswieler.de\/wp-content\/uploads\/2023\/01\/KG_2023-60-1024x683.jpg 1024w, http:\/\/blog.loestije-donswieler.de\/wp-content\/uploads\/2023\/01\/KG_2023-60-300x200.jpg 300w, http:\/\/blog.loestije-donswieler.de\/wp-content\/uploads\/2023\/01\/KG_2023-60-768x512.jpg 768w, http:\/\/blog.loestije-donswieler.de\/wp-content\/uploads\/2023\/01\/KG_2023-60-1536x1024.jpg 1536w, http:\/\/blog.loestije-donswieler.de\/wp-content\/uploads\/2023\/01\/KG_2023-60-2048x1365.jpg 2048w\" sizes=\"(max-width: 1024px) 100vw, 1024px\" \/><\/figure>\n","protected":false},"excerpt":{"rendered":"<p>Endlich wieder Karneval\u2026 Mit unserem Motto \u201eLang jenooch jewaad, maat \u00fcch f\u00f6r Fastelovend parat\u201c sind wir ja erfolgreich in die Session gestartet. Am letzten Wochenende hatten wir unsere tolle Kost\u00fcmsitzung und Kindersitzung im toll geschm\u00fcckten Dansweiler G\u00fcrzenich. Beide Sitzungen waren <a class=\"more-link\" href=\"http:\/\/blog.loestije-donswieler.de\/?p=1134\"><span class=\"screen-reader-text\">  Lang jenooch jewaad, maat \u00fcch f\u00f6r Fastelovend parat<\/span> weiterlesen<span class=\"meta-nav\">&rarr;<\/span><\/a><\/p>\n","protected":false},"author":1,"featured_media":0,"comment_status":"closed","ping_status":"open","sticky":false,"template":"","format":"standard","meta":{"_jetpack_memberships_contains_paid_content":false,"footnotes":""},"categories":[1],"tags":[],"jetpack_sharing_enabled":true,"jetpack_featured_media_url":"","_links":{"self":[{"href":"http:\/\/blog.loestije-donswieler.de\/index.php?rest_route=\/wp\/v2\/posts\/1134"}],"collection":[{"href":"http:\/\/blog.loestije-donswieler.de\/index.php?rest_route=\/wp\/v2\/posts"}],"about":[{"href":"http:\/\/blog.loestije-donswieler.de\/index.php?rest_route=\/wp\/v2\/types\/post"}],"author":[{"embeddable":true,"href":"http:\/\/blog.loestije-donswieler.de\/index.php?rest_route=\/wp\/v2\/users\/1"}],"replies":[{"embeddable":true,"href":"http:\/\/blog.loestije-donswieler.de\/index.php?rest_route=%2Fwp%2Fv2%2Fcomments&post=1134"}],"version-history":[{"count":5,"href":"http:\/\/blog.loestije-donswieler.de\/index.php?rest_route=\/wp\/v2\/posts\/1134\/revisions"}],"predecessor-version":[{"id":1144,"href":"http:\/\/blog.loestije-donswieler.de\/index.php?rest_route=\/wp\/v2\/posts\/1134\/revisions\/1144"}],"wp:attachment":[{"href":"http:\/\/blog.loestije-donswieler.de\/index.php?rest_route=%2Fwp%2Fv2%2Fmedia&parent=1134"}],"wp:term":[{"taxonomy":"category","embeddable":true,"href":"http:\/\/blog.loestije-donswieler.de\/index.php?rest_route=%2Fwp%2Fv2%2Fcategories&post=1134"},{"taxonomy":"post_tag","embeddable":true,"href":"http:\/\/blog.loestije-donswieler.de\/index.php?rest_route=%2Fwp%2Fv2%2Ftags&post=1134"}],"curies":[{"name":"wp","href":"https:\/\/api.w.org\/{rel}","templated":true}]}}